[{"@context":"https:\/\/schema.org\/","@type":"Article","@id":"https:\/\/www.elksas.sk\/kto-som\/#Article","mainEntityOfPage":"https:\/\/www.elksas.sk\/kto-som\/","headline":"Kto som?","name":"Kto som?","description":"Ur\u010dite sa v\u00e1m u\u017e stalo, \u017ee ste si mysleli, \u017ee niekoho pozn\u00e1te, ale potom sa ten \u010dlovek zachoval tak, \u017ee ste mali pocit, \u017ee ho v\u00f4bec nepozn\u00e1te. A stalo sa v\u00e1m tak\u00e9to nie\u010do aj so sebou sam\u00fdm? Mysleli ste si, \u017ee by ste to nikdy neurobili a hop a zrazu ste sa spr\u00e1vali tak, aby [&hellip;]","datePublished":"2023-09-17","dateModified":"2024-02-21","author":{"@type":"Person","@id":"https:\/\/www.elksas.sk\/author\/#Person","name":"","url":"https:\/\/www.elksas.sk\/author\/","identifier":1,"image":{"@type":"ImageObject","@id":"https:\/\/secure.gravatar.com\/avatar\/093836c6bc976bea6a4c3cd39f9136c261430c33201aa865249fef2be34e3fdb?s=96&d=mm&r=g","url":"https:\/\/secure.gravatar.com\/avatar\/093836c6bc976bea6a4c3cd39f9136c261430c33201aa865249fef2be34e3fdb?s=96&d=mm&r=g","height":96,"width":96}},"publisher":{"@type":"Organization","name":"elksas.sk","logo":{"@type":"ImageObject","@id":"\/logo.png","url":"\/logo.png","width":600,"height":60}},"image":{"@type":"ImageObject","@id":"https:\/\/www.elksas.sk\/wp-content\/uploads\/pexels-engin-akyurt-3286006_3.jpg","url":"https:\/\/www.elksas.sk\/wp-content\/uploads\/pexels-engin-akyurt-3286006_3.jpg","height":0,"width":0},"url":"https:\/\/www.elksas.sk\/kto-som\/","about":["Slu\u017eby"],"wordCount":389,"articleBody":"       Ur\u010dite sa v\u00e1m u\u017e stalo, \u017ee ste si mysleli, \u017ee niekoho pozn\u00e1te, ale potom sa ten \u010dlovek zachoval tak, \u017ee ste mali pocit, \u017ee ho v\u00f4bec nepozn\u00e1te. A stalo sa v\u00e1m tak\u00e9to nie\u010do aj so sebou sam\u00fdm? Mysleli ste si, \u017ee by ste to nikdy neurobili a hop a zrazu ste sa spr\u00e1vali tak, aby ste sa pred t\u00fdm nikdy nespr\u00e1vali? Ale ako sa hovor\u00ed nikdy nehovor nikdy, toto d\u00e1vne porekadlo n\u00e1m sam\u00e9 hovor\u00ed, \u017ee \u010dlovek si nem\u00f4\u017ee by\u0165 ist\u00fd ni\u010d\u00edm ani s\u00e1m sebou. Kto vlastne sme? Ke\u010f sa nad sebou zamysl\u00edme, pozn\u00e1me vlastne sami seba? Ot\u00e1zka sebapoznania str\u00e1pi aj mnoh\u00fdch filozofov a ani jeden z nich nevie da\u0165 jasn\u00fa odpove\u010f, kto som vlastne ja a ak\u00fa \u00falohu m\u00e1m na tomto svete.\u010clovek a samotn\u00fd \u013eudsk\u00fd mozog funguje na ur\u010dit\u00fdch princ\u00edpoch, ktor\u00e9 funguj\u00fa vo v\u00e4\u010d\u0161ine pr\u00edpadov s maxim\u00e1lnou presnos\u0165ou, ale s\u00fa okamihy, kedy tento syst\u00e9m jednoducho nefunguje, s\u00fa to v\u00e4\u010d\u0161inou siln\u00e9 stresov\u00e9 momenty, alebo ur\u010dit\u00e9 okamihy v \u017eivote, ktor\u00fd tento syst\u00e9m vyradia z prev\u00e1dzky, \u010dlovek sa spr\u00e1va pudovo, reflexne na z\u00e1kladn\u00fdch primit\u00edvnej\u0161\u00edch \u00farovniach svojho bytia. Ozna\u010dujeme to ako skrat, amok, v\u00fdpadok a pod, kedy na\u0161a myse\u013e nespolupracuje s na\u0161im telom. Akoko\u013evek sa budeme sna\u017ei\u0165 nikdy v celosti nepochop\u00edme ani sam\u00fdch seba. No m\u00f4\u017eeme sa o sebe po\u010das n\u00e1\u0161ho \u017eivota mnoho nau\u010di\u0165. Len mus\u00edme po\u010d\u00fava\u0165 na\u0161e telo a myse\u013e.Mus\u00edme sa sna\u017ei\u0165 odkry\u0165 to, \u010do n\u00e1m chce na\u0161e vn\u00fatro poveda\u0165. \u010casto ani neviete pre\u010do, ale vedie v\u00e1s ur\u010dit\u00e1 intu\u00edcia. Neviete pre\u010do, ale viete, \u017ee nie\u010do \u010do rob\u00edte, hovor\u00edte, alebo ste urobili bolo jednoducho spr\u00e1vne. Spoznajte sa a spoznajte svoje telo a po\u010d\u00favajte \u010do v\u00e1m chce poveda\u0165. V\u00e4\u010d\u0161inou je to ve\u013emi d\u00f4le\u017eit\u00e9. V\u00e4\u010d\u0161inou va\u0161e telo, alebo va\u0161a myse\u013e v\u00e1m chce nie\u010do poveda\u0165. Spoznajte sam\u00fdch seba. Sebapoznanie m\u00f4\u017eete urobi\u0165 napr\u00edklad formou medit\u00e1cie, ale aj veden\u00edm vn\u00fatorn\u00e9ho rozhovoru pri chv\u00ed\u013eke ticha alebo relaxa\u010dnej hudby.                                                                                                                                                                                                                                                                                                                                                                                                  "},{"@context":"https:\/\/schema.org\/","@type":"BreadcrumbList","itemListElement":[{"@type":"ListItem","position":1,"name":"Kto som?","item":"https:\/\/www.elksas.sk\/kto-som\/#breadcrumbitem"}]}]