[{"@context":"https:\/\/schema.org\/","@type":"Article","@id":"https:\/\/www.elksas.sk\/vianocna-atmosfera\/#Article","mainEntityOfPage":"https:\/\/www.elksas.sk\/vianocna-atmosfera\/","headline":"Viano\u010dna atmosfera","name":"Viano\u010dna atmosfera","description":"Vianoce s\u00fa \u010das, ktor\u00fd si v\u0161etci u\u017e\u00edvame s rodinou. Ja osobne zimn\u00e9 obdobie nezn\u00e1\u0161am, ale v obdob\u00ed Vianoc sa c\u00edtim \u00faplne inak. Vad\u00ed mi len zima, ale ke\u010f sa povie slovo Vianoce, \u00faplne pookrejem. Vianoce pre m\u0148a znamenaj\u00fa \u00fa\u017easn\u00fd \u010das str\u00e1ven\u00fd s mojou rodinou (s mojou dc\u00e9rkou, priate\u013eom) a u\u017e\u00edvanie si tej viano\u010dnej atmosf\u00e9ry. Vlastne [&hellip;]","datePublished":"2023-12-16","dateModified":"2024-02-21","author":{"@type":"Person","@id":"https:\/\/www.elksas.sk\/author\/#Person","name":"","url":"https:\/\/www.elksas.sk\/author\/","identifier":1,"image":{"@type":"ImageObject","@id":"https:\/\/secure.gravatar.com\/avatar\/093836c6bc976bea6a4c3cd39f9136c261430c33201aa865249fef2be34e3fdb?s=96&d=mm&r=g","url":"https:\/\/secure.gravatar.com\/avatar\/093836c6bc976bea6a4c3cd39f9136c261430c33201aa865249fef2be34e3fdb?s=96&d=mm&r=g","height":96,"width":96}},"publisher":{"@type":"Organization","name":"elksas.sk","logo":{"@type":"ImageObject","@id":"\/logo.png","url":"\/logo.png","width":600,"height":60}},"image":{"@type":"ImageObject","@id":"https:\/\/www.elksas.sk\/wp-content\/uploads\/girl-2931287_1280_1.jpg","url":"https:\/\/www.elksas.sk\/wp-content\/uploads\/girl-2931287_1280_1.jpg","height":0,"width":0},"url":"https:\/\/www.elksas.sk\/vianocna-atmosfera\/","about":["Vzdelanie"],"wordCount":398,"articleBody":"        Vianoce s\u00fa \u010das, ktor\u00fd si v\u0161etci u\u017e\u00edvame s rodinou. Ja osobne zimn\u00e9 obdobie nezn\u00e1\u0161am, ale v obdob\u00ed Vianoc sa c\u00edtim \u00faplne inak. Vad\u00ed mi len zima, ale ke\u010f sa povie slovo Vianoce, \u00faplne pookrejem. Vianoce pre m\u0148a znamenaj\u00fa \u00fa\u017easn\u00fd \u010das str\u00e1ven\u00fd s mojou rodinou (s mojou dc\u00e9rkou, priate\u013eom) a u\u017e\u00edvanie si tej viano\u010dnej atmosf\u00e9ry. Vlastne ani nedok\u00e1\u017eem pop\u00edsa\u0165, ako Vianoce vn\u00edmam. Pre niekoho viano\u010dn\u00e9 sviatky m\u00f4\u017eu by\u0165 kli\u0161\u00e9 a zbyto\u010dn\u00e9, ale pre m\u0148a nie s\u00fa. A ke\u010f\u017ee m\u00e1m dc\u00e9ru, tak Vianoce o to viac pre\u017e\u00edvam. Ke\u010f prem\u00fd\u0161\u013eam cez Vianoce, okam\u017eite si spoj\u00edm nieko\u013eko v\u00fdrazov &#8211; pe\u010divo, \u010das str\u00e1ven\u00fd s rodinou, svetielka a led re\u0165az na strom\u010dek. Milujem viano\u010dn\u00e9 svetielka.Pred Vianocami sa v\u017edy prech\u00e1dzam a pozorujem, ako s\u00fa jednotliv\u00e9 byty a domy kr\u00e1sne vyzdoben\u00e9. Niektor\u00e9 vyzeraj\u00fa ako z rozpr\u00e1vky. To vo mne vyvol\u00e1va pocit radosti a nad\u0161enia. Som naozaj \u0161\u0165astn\u00e1, \u017ee Vianoce m\u00f4\u017eem pre\u017e\u00edva\u0165 s \u013eu\u010fmi, ktor\u00fdch milujem. Vianoce pre m\u0148a nemaj\u00fa v\u00fdznam ten, \u017ee dostanem \u010do najviac dar\u010dekov a te\u0161\u00edm sa na dar\u010deky, je to o \u010dase str\u00e1venom s rodinou a ten si najviac u\u017e\u00edvam. Na Vianoce si v\u017edy nazdob\u00edme strom\u010dek, ozdob\u00edme ho ozdobi\u010dkami, \u013ead re\u0165azou na strom\u010dek a na vrch d\u00e1me \u0161pi\u010dku. Strom\u010dek potom kr\u00e1sne blik\u00e1 a september. Pre deti je to nie\u010do nov\u00e9 a magick\u00e9.Sama si spom\u00ednam na \u010dasy, kedy mi bolo povedan\u00e9, \u017ee dar\u010deky nosia Je\u017ei\u0161ko a ja som tomu naozaj verila. Teraz s odstupom \u010dasu sa tomu mus\u00edm smia\u0165. Je to kr\u00e1sna spomienka na detstvo. Zvl\u00e1\u0161tne je, \u017ee Vianoce pre\u017e\u00edvam akoby znova a vraciam sa do ich atmosf\u00e9ry od pr\u00edchodu dc\u00e9ry. Je to zvl\u00e1\u0161tne, ale kr\u00e1sny pocit. Ale stoj\u00ed za to. Ak h\u013ead\u00e1te ide\u00e1lne svetielka na strom\u010dek, sk\u00faste tie z tohto eshopu, ve\u013emi v\u00e1m ich odpor\u00fa\u010dam. Svetielka n\u00e1dherne svietia v\u0161etk\u00fdmi r\u00f4znymi farbami a je to naozaj fantastick\u00e9. Svetielka s\u00fa jedna z vec\u00ed, ktor\u00e9 ma na Vianoce fascinuj\u00fa \u00faplne najviac a v\u017edy sa na ne te\u0161\u00edm.                                                                                                                                                                                                                                                                                                                                                                                                  "},{"@context":"https:\/\/schema.org\/","@type":"BreadcrumbList","itemListElement":[{"@type":"ListItem","position":1,"name":"Viano\u010dna atmosfera","item":"https:\/\/www.elksas.sk\/vianocna-atmosfera\/#breadcrumbitem"}]}]