[{"@context":"https:\/\/schema.org\/","@type":"Article","@id":"https:\/\/www.elksas.sk\/vysnivana-terasa\/#Article","mainEntityOfPage":"https:\/\/www.elksas.sk\/vysnivana-terasa\/","headline":"Vysn\u00edvan\u00e1 terasa","name":"Vysn\u00edvan\u00e1 terasa","description":"Sn\u00edvate o terase, ktor\u00e1 bude pastvou pre oko a rajom pre du\u0161u? Terasa je nielen miestom, kde tr\u00e1vite pr\u00edjemn\u00fd \u010das so svojou rodinou a priate\u013emi. Na terase tr\u00e1vime ve\u013ea \u010dasu najm\u00e4 v jarn\u00fdch, letn\u00fdch a jesenn\u00fdch mesiacoch. Je to priestor, kde m\u00f4\u017eeme oddychova\u0165, pracova\u0165, zab\u00e1va\u0165 sa \u010di d\u00e1va\u0165 si k\u00e1vu s priate\u013emi. Ale nielen to. [&hellip;]","datePublished":"2024-01-19","dateModified":"2024-02-21","author":{"@type":"Person","@id":"https:\/\/www.elksas.sk\/author\/#Person","name":"","url":"https:\/\/www.elksas.sk\/author\/","identifier":1,"image":{"@type":"ImageObject","@id":"https:\/\/secure.gravatar.com\/avatar\/093836c6bc976bea6a4c3cd39f9136c261430c33201aa865249fef2be34e3fdb?s=96&d=mm&r=g","url":"https:\/\/secure.gravatar.com\/avatar\/093836c6bc976bea6a4c3cd39f9136c261430c33201aa865249fef2be34e3fdb?s=96&d=mm&r=g","height":96,"width":96}},"publisher":{"@type":"Organization","name":"elksas.sk","logo":{"@type":"ImageObject","@id":"\/logo.png","url":"\/logo.png","width":600,"height":60}},"image":{"@type":"ImageObject","@id":"https:\/\/www.elksas.sk\/wp-content\/uploads\/voda_10_2.jpg","url":"https:\/\/www.elksas.sk\/wp-content\/uploads\/voda_10_2.jpg","height":0,"width":0},"url":"https:\/\/www.elksas.sk\/vysnivana-terasa\/","about":["Vzdelanie"],"wordCount":456,"articleBody":"       Sn\u00edvate o terase, ktor\u00e1 bude pastvou pre oko a rajom pre du\u0161u? Terasa je nielen miestom, kde tr\u00e1vite pr\u00edjemn\u00fd \u010das so svojou rodinou a priate\u013emi. Na terase tr\u00e1vime ve\u013ea \u010dasu najm\u00e4 v jarn\u00fdch, letn\u00fdch a jesenn\u00fdch mesiacoch. Je to priestor, kde m\u00f4\u017eeme oddychova\u0165, pracova\u0165, zab\u00e1va\u0165 sa \u010di d\u00e1va\u0165 si k\u00e1vu s priate\u013emi. Ale nielen to. Mo\u017eno ste si to neuvedomili ale terasa okrem svojej funkcie zachovania pohodlia s prepojen\u00edm vonkaj\u0161\u00edch priestorov, je aj s\u00fa\u010das\u0165ou celkov\u00e9ho dizajnu nehnute\u013enosti. Pr\u00edjemn\u00e9 zariadenie by malo by\u0165 nielen funk\u010dn\u00e9 a prisp\u00f4soben\u00e9 na\u0161im potreb\u00e1m ale malo by sp\u013a\u0148a\u0165 aj z\u00e1klady priestorov\u00e9ho dizajnu. Ka\u017ed\u00fd m\u00e1 in\u00fd vkus a preto aj ka\u017ed\u00e1 terasa je in\u00e1, presne pod\u013ea predstavy majite\u013ea.Nemala by sa v\u0161ak diametr\u00e1lne odli\u0161ova\u0165 od celkovej koncepcie prostredia. Vtedy ak nechcete v\u00fdrazne okresa\u0165 mo\u017enosti prevedenia terasy je vhodn\u00e9 porozm\u00fd\u0161\u013ea\u0165 nad neutr\u00e1lnym vzh\u013eadom terasy. K terase ktor\u00e1 vedie na pozemok s\u00fa \u010dasto prip\u00e1jan\u00e9 aj schody, hlavne v pr\u00edpade nerovn\u00e9ho ter\u00e9nu. Ku ka\u017ed\u00fdm schodom by malo by\u0165 z\u00e1bradlie pre zv\u00fd\u0161enie bezpe\u010dnosti a zn\u00ed\u017eenie rizika \u00farazu. Je pritom jedno \u010di po schodoch kr\u00e1\u010da die\u0165a, dospel\u00fd alebo senior. \u010casto &#8211; kr\u00e1t sme videli chybu v koncepcii exteri\u00e9ru pr\u00e1ve v nevhodne zvolenom dizajne z\u00e1bradlia. Je to s\u00edce tak\u00e1 mali\u010dkos\u0165 ale pre celkov\u00fd dojem je ve\u013emi z\u00e1sadn\u00e1. Ak sa V\u00e1m nechce h\u013eada\u0165 n\u00e1vrhy a inform\u00e1cie o materi\u00e1loch a cenov\u00fdch ponuk\u00e1ch, nechajte to na odborn\u00edkov.\u010casto m\u00f4\u017ee by\u0165 rie\u0161en\u00edm nen\u00e1padn\u00fd man\u00e9ver v podobe zvolenia neutr\u00e1lneho dizajnu. Tak\u00e9to z\u00e1bradlia n\u00e1jdete napr\u00edklad na str\u00e1nkach https:\/\/lmmont.sk\/nerezove-zabradlia\/. Ak si nie ste ist\u00fd preveden\u00edm tohto typu z\u00e1bradlia, nev\u00e1hajte sa p\u00fdta\u0165. Kto V\u00e1m predsa m\u00f4\u017ee odpoveda\u0165 odbornej\u0161ie ako ten, kto z\u00e1bradlia nielen vyr\u00e1ba ale aj distribuuje a in\u0161taluje. Aby ste si nemysleli \u017ee nerezov\u00e9 z\u00e1bradlie https:\/\/lmmont.sk\/nerezove-zabradlia\/ je f\u00e1dne a ned\u00e1 sa prisp\u00f4sobi\u0165, mus\u00edme podotkn\u00fa\u0165, \u017ee dobr\u00fd v\u00fdrobca dok\u00e1\u017ee navrhn\u00fa\u0165 kombin\u00e1cie nielen nerezov\u00fdch prvkov ale aj doplnkov\u00fdch materi\u00e1lov, ktor\u00e9 je mo\u017en\u00e9 spolu so z\u00e1bradl\u00edm osadi\u0165. Najviac dopytovan\u00fdm je pr\u00e1ve kombin\u00e1cia nerez &#8211; sklo. P\u00f4sob\u00ed \u013eahk\u00fdm dojmom, je neutr\u00e1lne a nech\u00e1va priestor otvoren\u00fd a vzdu\u0161n\u00fd. \u00c1no aj z\u00e1bradlie m\u00f4\u017ee prispie\u0165 k celkov\u00e9mu v\u00fdzoru va\u0161ej vysn\u00edvanej terasy.                                                                                                                                                                                                                                                                                                                                                                                                   "},{"@context":"https:\/\/schema.org\/","@type":"BreadcrumbList","itemListElement":[{"@type":"ListItem","position":1,"name":"Vysn\u00edvan\u00e1 terasa","item":"https:\/\/www.elksas.sk\/vysnivana-terasa\/#breadcrumbitem"}]}]